{"id":6186,"date":"2023-09-15T09:13:34","date_gmt":"2023-09-15T09:13:34","guid":{"rendered":"https:\/\/www.fundacaomillenniumbcp.pt\/2023\/09\/15\/ecos-de-trovas-de-luis-neto-da-costa-vence-o-premio-compositor-francisco-de-lacerda-fundacao-millennium-bcp\/"},"modified":"2023-11-27T14:58:57","modified_gmt":"2023-11-27T14:58:57","slug":"ecos-de-trovas-de-luis-neto-da-costa-vence-o-premio-compositor-francisco-de-lacerda-fundacao-millennium-bcp","status":"publish","type":"post","link":"https:\/\/fundacaomillenniumbcp.pt\/en\/2023\/09\/15\/ecos-de-trovas-de-luis-neto-da-costa-vence-o-premio-compositor-francisco-de-lacerda-fundacao-millennium-bcp\/","title":{"rendered":"Ecos de Trovas, by Lu\u00eds Neto da Costa, wins the Francisco de Lacerda Composer \/ Funda\u00e7\u00e3o Millennium bcp Award"},"content":{"rendered":"\n<p>Ecos de Trovas, by Lu\u00eds Neto da Costa, is the winning work of the&nbsp;<strong>Francisco de Lacerda Composer \/ Funda\u00e7\u00e3o Millennium bcp 2023 Award<\/strong>, with world premiere on September 30 by the Lisbon Metropolitan Orchestra.&nbsp;<\/p>\n\n\n\n<p>Amounting to \u20ac 7,500.00, the Francisco de Lacerda Composer Award \/ Funda\u00e7\u00e3o Millennium bcp is the largest award in Portugal in terms of pecuniary value for composition for orchestra and also ensures the premiere of the winning piece at the closing of the Francisco de Lacerda 2023&nbsp;<em>Encontros Sonoros Atl\u00e2nticos<\/em>, which will take place on September 30, at the National Library.<\/p>\n\n\n\n<p>Created by the Francisco de Lacerda &#8211; A M\u00fasica e o Mundo,&nbsp;<strong>Associa\u00e7\u00e3o Cultural<\/strong>, this year in its second edition, the award aims to foster national musical creation, rewarding works by Portuguese or foreign composers residing in Portugal.<\/p>\n\n\n\n<p>The orchestral works submitted to the competition are encouraged to explore a relationship with the life and work of the Azorean composer Francisco de Lacerda or with the Azores.<\/p>\n\n\n\n<p><\/p>\n\n\n\n<p><\/p>\n\n\n\n<figure class=\"wp-block-image size-large\"><img loading=\"lazy\" decoding=\"async\" width=\"999\" height=\"1024\" src=\"https:\/\/www.fundacaomillenniumbcp.pt\/wp-content\/uploads\/2023\/09\/PremioFL23Vencedor_Post.-999x1024.jpg\" alt=\"\" class=\"wp-image-6183\" srcset=\"https:\/\/fundacaomillenniumbcp.pt\/wp-content\/uploads\/2023\/09\/PremioFL23Vencedor_Post.-999x1024.jpg 999w, https:\/\/fundacaomillenniumbcp.pt\/wp-content\/uploads\/2023\/09\/PremioFL23Vencedor_Post.-293x300.jpg 293w, https:\/\/fundacaomillenniumbcp.pt\/wp-content\/uploads\/2023\/09\/PremioFL23Vencedor_Post.-768x787.jpg 768w, https:\/\/fundacaomillenniumbcp.pt\/wp-content\/uploads\/2023\/09\/PremioFL23Vencedor_Post..jpg 1171w\" sizes=\"auto, (max-width: 999px) 100vw, 999px\" \/><figcaption><br><\/figcaption><\/figure>\n\n\n\n<p>Lu\u00eds Neto da Costa is a composer who is also dedicated to research, direction, and teaching. His works encompass solo instruments, chamber groups and orchestra, often incorporating electronics to add new dimensions. &nbsp;&nbsp;<\/p>\n\n\n\n<p>He graduated in Composition from the Escola Superior de M\u00fasica e Artes do Espet\u00e1culo (ESMAE), having studied with professors such as Dimitris Andrikopolous. He has a master\u2019s degree in music teaching from the University of Aveiro and currently shares his knowledge by teaching Analysis and Composition Techniques. &nbsp;&nbsp;<\/p>\n\n\n\n<p>The jury of the 2023 edition of the Francisco de Lacerda Composer Award Funda\u00e7\u00e3o Millennium&nbsp;BCP&nbsp;was made up of the composers Magnus Lindberg, Christian Mason, Aspasia Nasopoulou and Vasco Mendon\u00e7a. &nbsp;&nbsp;<\/p>\n\n\n\n<p>The&nbsp;__&nbsp;<em>Encontros Sonoros Atl\u00e2nticos<\/em>&nbsp;<em>Francisco de Lacerda 2023<\/em>&nbsp;will take place between September 16 and 30, between Lisbon and the Azorean islands of S\u00e3o Jorge, Terceira, and S\u00e3o Miguel. &nbsp;&nbsp;<\/p>\n\n\n\n<p>With a programming made by the composer Vasco Mendon\u00e7a, the 2023 edition of&nbsp;<em>Encontros Sonoros Atl\u00e2nticos<\/em>also presents in premiere, the documentary&nbsp;<em>Francisco de Lacerda Ou a Fragueira ou Paris<\/em>, directed by Lu\u00eds Porto, about the life and work of this important composer and conductor, born in the Island of S\u00e3o Jorge.<\/p>\n","protected":false},"excerpt":{"rendered":"<p>Ecos de Trovas, by Lu\u00eds Neto da Costa, is the winning work of the&nbsp;Francisco de Lacerda Composer \/ Funda\u00e7\u00e3o Millennium bcp 2023 Award, with world premiere on September 30 by the Lisbon Metropolitan Orchestra.&nbsp; Amounting to \u20ac 7,500.00, the Francisco de Lacerda Composer Award \/ Funda\u00e7\u00e3o Millennium bcp is the largest award in Portugal in &hellip; <a href=\"https:\/\/fundacaomillenniumbcp.pt\/en\/2023\/09\/15\/ecos-de-trovas-de-luis-neto-da-costa-vence-o-premio-compositor-francisco-de-lacerda-fundacao-millennium-bcp\/\">Continued<\/a><\/p>\n","protected":false},"author":1,"featured_media":6182,"comment_status":"closed","ping_status":"closed","sticky":false,"template":"","format":"standard","meta":{"footnotes":""},"categories":[90],"tags":[],"class_list":["post-6186","post","type-post","status-publish","format-standard","has-post-thumbnail","hentry","category-supported-projects"],"_links":{"self":[{"href":"https:\/\/fundacaomillenniumbcp.pt\/en\/wp-json\/wp\/v2\/posts\/6186","targetHints":{"allow":["GET"]}}],"collection":[{"href":"https:\/\/fundacaomillenniumbcp.pt\/en\/wp-json\/wp\/v2\/posts"}],"about":[{"href":"https:\/\/fundacaomillenniumbcp.pt\/en\/wp-json\/wp\/v2\/types\/post"}],"author":[{"embeddable":true,"href":"https:\/\/fundacaomillenniumbcp.pt\/en\/wp-json\/wp\/v2\/users\/1"}],"replies":[{"embeddable":true,"href":"https:\/\/fundacaomillenniumbcp.pt\/en\/wp-json\/wp\/v2\/comments?post=6186"}],"version-history":[{"count":1,"href":"https:\/\/fundacaomillenniumbcp.pt\/en\/wp-json\/wp\/v2\/posts\/6186\/revisions"}],"predecessor-version":[{"id":6188,"href":"https:\/\/fundacaomillenniumbcp.pt\/en\/wp-json\/wp\/v2\/posts\/6186\/revisions\/6188"}],"wp:featuredmedia":[{"embeddable":true,"href":"https:\/\/fundacaomillenniumbcp.pt\/en\/wp-json\/wp\/v2\/media\/6182"}],"wp:attachment":[{"href":"https:\/\/fundacaomillenniumbcp.pt\/en\/wp-json\/wp\/v2\/media?parent=6186"}],"wp:term":[{"taxonomy":"category","embeddable":true,"href":"https:\/\/fundacaomillenniumbcp.pt\/en\/wp-json\/wp\/v2\/categories?post=6186"},{"taxonomy":"post_tag","embeddable":true,"href":"https:\/\/fundacaomillenniumbcp.pt\/en\/wp-json\/wp\/v2\/tags?post=6186"}],"curies":[{"name":"wp","href":"https:\/\/api.w.org\/{rel}","templated":true}]}}